{"id":2695,"date":"2022-09-13T09:18:37","date_gmt":"2022-09-13T08:18:37","guid":{"rendered":"https:\/\/rostock-airport.de\/?p=2695"},"modified":"2022-10-07T08:49:28","modified_gmt":"2022-10-07T07:49:28","slug":"presseeinladung-zum-flughafenfest-am-24-september-2022","status":"publish","type":"post","link":"https:\/\/rostock-airport.de\/en\/unternehmen-business\/presse\/presseeinladung-zum-flughafenfest-am-24-september-2022\/","title":{"rendered":"Presseeinladung zum Flughafenfest am 24. September 2022"},"content":{"rendered":"\n<p><\/p>\n\n\n\n<p>Rostock-Laage, 13. September 2022. Seit Jahresbeginn 2022 geh\u00f6rt der zivile Teil des Flughafens Rostock-Laage einem deutschen Unternehmen \u2013 und ist damit einmalig unter den gr\u00f6\u00dferen Verkehrsflugh\u00e4fen Deutschlands.<\/p>\n\n\n\n<p>Seitdem hat der neue Eigent\u00fcmer \u2013 die Zeitfracht Gruppe \u2013 den Airport RLG eng in das Unternehmen eingebunden. Viele Bew\u00e4hrtes blieb, andere \u2013 mitunter recht kreative \u2013 Ans\u00e4tze wurden zus\u00e4tzlich verfolgt. So hat Zeitfracht zum Beispiel mit dem Spacetech-Unternehmen PTS tats\u00e4chlich die ersten Wissenschaftler an den Flughafen gebracht, die sich ganz konkret und wirtschaftlich erfolgversprechend mit den Zukunftstechnologien in der Raumfahrt befassen.<\/p>\n\n\n\n<p>Die Zeitfracht Gruppe und der \u201eneue\u201c Flughafen Rostock-Laage wollen sich daher in diesem Jahr mit der Wiederaufnahme der Flughafenfest-Tradition erstmals der \u00d6ffentlichkeit vorstellen.<\/p>\n\n\n\n<p>Dazu laden wir Sie als Pressevertreterin\/Pressevertreter herzlich<\/p>\n\n\n\n<p>zu uns an den Flughafen ein am<\/p>\n\n\n\n<p>Samstag, 24. September, in der Zeit zwischen 10.00 und 18.00 Uhr.<\/p>\n\n\n\n<p>Nehmen Sie an diesem Tag Kontakt mit uns auf, und wir werden Ihnen Gespr\u00e4che mit dem Zeitfracht-Management oder auch der Gesch\u00e4ftsf\u00fchrung der PTS organisieren. Lernen Sie den Flughafen, die Zeitfracht Gruppe und die Verantwortlichen kennen.<\/p>\n\n\n\n<p>Wir freuen uns sehr, Sie an diesem Tag am Flughafen Rostock-Laage begr\u00fc\u00dfen zu d\u00fcrfen und stehen jederzeit gern f\u00fcr Ihre Fragen zur Verf\u00fcgung. Sie erreichen uns als Ansprechpartner der Zeitfracht Gruppe f\u00fcr die Medienvertreter unter den Telefonnummern 0160 90135168 (Joachim Sch\u00f6ttes) und 0160 6320053 (Matthias Burkard) oder per Mail unter presse@zeitfracht.de<\/p>\n\n\n\n<p><\/p>\n\n\n\n<p>Mit freundlichen Gr\u00fc\u00dfen,<\/p>\n\n\n\n<p>Joachim Sch\u00f6ttes, Matthias Burkard<\/p>\n\n\n\n<p><\/p>\n\n\n\n<p><\/p>\n\n\n\n<p><strong>Pressekontakt :<\/strong><\/p>\n\n\n\n<p>Zeitfracht Gruppe<\/p>\n\n\n\n<p>Heinz Joachim Sch\u00f6ttes<\/p>\n\n\n\n<p>Leiter Unternehmenskommunikation<\/p>\n\n\n\n<p>Albert-Einstein-Ring 22<\/p>\n\n\n\n<p>14532 Kleinmachnow<\/p>\n\n\n\n<p><a href=\"mailto:presse@zeitfracht.de\">presse@zeitfracht.de<\/a><\/p>\n","protected":false},"excerpt":{"rendered":"<p>Rostock-Laage, 13. September 2022. Seit Jahresbeginn 2022 geh\u00f6rt der zivile Teil des Flughafens Rostock-Laage einem deutschen Unternehmen \u2013 und ist damit einmalig unter den gr\u00f6\u00dferen Verkehrsflugh\u00e4fen Deutschlands. Seitdem hat der neue Eigent\u00fcmer \u2013 die Zeitfracht Gruppe \u2013 den Airport RLG eng in das Unternehmen eingebunden. Viele Bew\u00e4hrtes blieb, andere \u2013 mitunter recht kreative \u2013 Ans\u00e4tze [&hellip;]<\/p>\n","protected":false},"author":10,"featured_media":0,"comment_status":"closed","ping_status":"closed","sticky":false,"template":"","format":"standard","meta":{"_acf_changed":false,"footnotes":""},"categories":[1],"tags":[],"class_list":["post-2695","post","type-post","status-publish","format-standard","hentry","category-unkategorisiert"],"acf":[],"yoast_head":"<!-- This site is optimized with the Yoast SEO plugin v27.5 - https:\/\/yoast.com\/product\/yoast-seo-wordpress\/ -->\n<title>Presseeinladung zum Flughafenfest am 24. September 2022 - Airport Rostock Laage<\/title>\n<meta name=\"robots\" content=\"index, follow, max-snippet:-1, max-image-preview:large, max-video-preview:-1\" \/>\n<link rel=\"canonical\" href=\"https:\/\/rostock-airport.de\/unternehmen-business\/presse\/presseeinladung-zum-flughafenfest-am-24-september-2022\/\" \/>\n<meta property=\"og:locale\" content=\"en_US\" \/>\n<meta property=\"og:type\" content=\"article\" \/>\n<meta property=\"og:title\" content=\"Presseeinladung zum Flughafenfest am 24. September 2022 - Airport Rostock Laage\" \/>\n<meta property=\"og:description\" content=\"Rostock-Laage, 13. September 2022. Seit Jahresbeginn 2022 geh\u00f6rt der zivile Teil des Flughafens Rostock-Laage einem deutschen Unternehmen \u2013 und ist damit einmalig unter den gr\u00f6\u00dferen Verkehrsflugh\u00e4fen Deutschlands. Seitdem hat der neue Eigent\u00fcmer \u2013 die Zeitfracht Gruppe \u2013 den Airport RLG eng in das Unternehmen eingebunden. Viele Bew\u00e4hrtes blieb, andere \u2013 mitunter recht kreative \u2013 Ans\u00e4tze [&hellip;]\" \/>\n<meta property=\"og:url\" content=\"https:\/\/rostock-airport.de\/unternehmen-business\/presse\/presseeinladung-zum-flughafenfest-am-24-september-2022\/\" \/>\n<meta property=\"og:site_name\" content=\"Airport Rostock Laage\" \/>\n<meta property=\"article:publisher\" content=\"https:\/\/www.facebook.com\/RostockAirport\/\" \/>\n<meta property=\"article:published_time\" content=\"2022-09-13T08:18:37+00:00\" \/>\n<meta property=\"article:modified_time\" content=\"2022-10-07T07:49:28+00:00\" \/>\n<meta name=\"author\" content=\"David Emrich\" \/>\n<meta name=\"twitter:card\" content=\"summary_large_image\" \/>\n<script type=\"application\/ld+json\" class=\"yoast-schema-graph\">{\"@context\":\"https:\\\/\\\/schema.org\",\"@graph\":[{\"@type\":\"Article\",\"@id\":\"https:\\\/\\\/rostock-airport.de\\\/unternehmen-business\\\/presse\\\/presseeinladung-zum-flughafenfest-am-24-september-2022\\\/#article\",\"isPartOf\":{\"@id\":\"https:\\\/\\\/rostock-airport.de\\\/unternehmen-business\\\/presse\\\/presseeinladung-zum-flughafenfest-am-24-september-2022\\\/\"},\"author\":{\"name\":\"David Emrich\",\"@id\":\"https:\\\/\\\/rostock-airport.de\\\/#\\\/schema\\\/person\\\/bbc0e3d2b777632c6cc9d2002e45e85a\"},\"headline\":\"Presseeinladung zum Flughafenfest am 24. September 2022\",\"datePublished\":\"2022-09-13T08:18:37+00:00\",\"dateModified\":\"2022-10-07T07:49:28+00:00\",\"mainEntityOfPage\":{\"@id\":\"https:\\\/\\\/rostock-airport.de\\\/unternehmen-business\\\/presse\\\/presseeinladung-zum-flughafenfest-am-24-september-2022\\\/\"},\"wordCount\":256,\"articleSection\":[\"Unkategorisiert\"],\"inLanguage\":\"en-US\"},{\"@type\":\"WebPage\",\"@id\":\"https:\\\/\\\/rostock-airport.de\\\/unternehmen-business\\\/presse\\\/presseeinladung-zum-flughafenfest-am-24-september-2022\\\/\",\"url\":\"https:\\\/\\\/rostock-airport.de\\\/unternehmen-business\\\/presse\\\/presseeinladung-zum-flughafenfest-am-24-september-2022\\\/\",\"name\":\"Presseeinladung zum Flughafenfest am 24. September 2022 - Airport Rostock Laage\",\"isPartOf\":{\"@id\":\"https:\\\/\\\/rostock-airport.de\\\/#website\"},\"datePublished\":\"2022-09-13T08:18:37+00:00\",\"dateModified\":\"2022-10-07T07:49:28+00:00\",\"author\":{\"@id\":\"https:\\\/\\\/rostock-airport.de\\\/#\\\/schema\\\/person\\\/bbc0e3d2b777632c6cc9d2002e45e85a\"},\"breadcrumb\":{\"@id\":\"https:\\\/\\\/rostock-airport.de\\\/unternehmen-business\\\/presse\\\/presseeinladung-zum-flughafenfest-am-24-september-2022\\\/#breadcrumb\"},\"inLanguage\":\"en-US\",\"potentialAction\":[{\"@type\":\"ReadAction\",\"target\":[\"https:\\\/\\\/rostock-airport.de\\\/unternehmen-business\\\/presse\\\/presseeinladung-zum-flughafenfest-am-24-september-2022\\\/\"]}]},{\"@type\":\"BreadcrumbList\",\"@id\":\"https:\\\/\\\/rostock-airport.de\\\/unternehmen-business\\\/presse\\\/presseeinladung-zum-flughafenfest-am-24-september-2022\\\/#breadcrumb\",\"itemListElement\":[{\"@type\":\"ListItem\",\"position\":1,\"name\":\"Startseite\",\"item\":\"https:\\\/\\\/rostock-airport.de\\\/en\\\/\"},{\"@type\":\"ListItem\",\"position\":2,\"name\":\"Presseeinladung zum Flughafenfest am 24. September 2022\"}]},{\"@type\":\"WebSite\",\"@id\":\"https:\\\/\\\/rostock-airport.de\\\/#website\",\"url\":\"https:\\\/\\\/rostock-airport.de\\\/\",\"name\":\"Airport Rostock Laage\",\"description\":\"\",\"potentialAction\":[{\"@type\":\"SearchAction\",\"target\":{\"@type\":\"EntryPoint\",\"urlTemplate\":\"https:\\\/\\\/rostock-airport.de\\\/?s={search_term_string}\"},\"query-input\":{\"@type\":\"PropertyValueSpecification\",\"valueRequired\":true,\"valueName\":\"search_term_string\"}}],\"inLanguage\":\"en-US\"},{\"@type\":\"Person\",\"@id\":\"https:\\\/\\\/rostock-airport.de\\\/#\\\/schema\\\/person\\\/bbc0e3d2b777632c6cc9d2002e45e85a\",\"name\":\"David Emrich\"}]}<\/script>\n<!-- \/ Yoast SEO plugin. -->","yoast_head_json":{"title":"Presseeinladung zum Flughafenfest am 24. September 2022 - Airport Rostock Laage","robots":{"index":"index","follow":"follow","max-snippet":"max-snippet:-1","max-image-preview":"max-image-preview:large","max-video-preview":"max-video-preview:-1"},"canonical":"https:\/\/rostock-airport.de\/unternehmen-business\/presse\/presseeinladung-zum-flughafenfest-am-24-september-2022\/","og_locale":"en_US","og_type":"article","og_title":"Presseeinladung zum Flughafenfest am 24. September 2022 - Airport Rostock Laage","og_description":"Rostock-Laage, 13. September 2022. Seit Jahresbeginn 2022 geh\u00f6rt der zivile Teil des Flughafens Rostock-Laage einem deutschen Unternehmen \u2013 und ist damit einmalig unter den gr\u00f6\u00dferen Verkehrsflugh\u00e4fen Deutschlands. Seitdem hat der neue Eigent\u00fcmer \u2013 die Zeitfracht Gruppe \u2013 den Airport RLG eng in das Unternehmen eingebunden. Viele Bew\u00e4hrtes blieb, andere \u2013 mitunter recht kreative \u2013 Ans\u00e4tze [&hellip;]","og_url":"https:\/\/rostock-airport.de\/unternehmen-business\/presse\/presseeinladung-zum-flughafenfest-am-24-september-2022\/","og_site_name":"Airport Rostock Laage","article_publisher":"https:\/\/www.facebook.com\/RostockAirport\/","article_published_time":"2022-09-13T08:18:37+00:00","article_modified_time":"2022-10-07T07:49:28+00:00","author":"David Emrich","twitter_card":"summary_large_image","schema":{"@context":"https:\/\/schema.org","@graph":[{"@type":"Article","@id":"https:\/\/rostock-airport.de\/unternehmen-business\/presse\/presseeinladung-zum-flughafenfest-am-24-september-2022\/#article","isPartOf":{"@id":"https:\/\/rostock-airport.de\/unternehmen-business\/presse\/presseeinladung-zum-flughafenfest-am-24-september-2022\/"},"author":{"name":"David Emrich","@id":"https:\/\/rostock-airport.de\/#\/schema\/person\/bbc0e3d2b777632c6cc9d2002e45e85a"},"headline":"Presseeinladung zum Flughafenfest am 24. September 2022","datePublished":"2022-09-13T08:18:37+00:00","dateModified":"2022-10-07T07:49:28+00:00","mainEntityOfPage":{"@id":"https:\/\/rostock-airport.de\/unternehmen-business\/presse\/presseeinladung-zum-flughafenfest-am-24-september-2022\/"},"wordCount":256,"articleSection":["Unkategorisiert"],"inLanguage":"en-US"},{"@type":"WebPage","@id":"https:\/\/rostock-airport.de\/unternehmen-business\/presse\/presseeinladung-zum-flughafenfest-am-24-september-2022\/","url":"https:\/\/rostock-airport.de\/unternehmen-business\/presse\/presseeinladung-zum-flughafenfest-am-24-september-2022\/","name":"Presseeinladung zum Flughafenfest am 24. September 2022 - Airport Rostock Laage","isPartOf":{"@id":"https:\/\/rostock-airport.de\/#website"},"datePublished":"2022-09-13T08:18:37+00:00","dateModified":"2022-10-07T07:49:28+00:00","author":{"@id":"https:\/\/rostock-airport.de\/#\/schema\/person\/bbc0e3d2b777632c6cc9d2002e45e85a"},"breadcrumb":{"@id":"https:\/\/rostock-airport.de\/unternehmen-business\/presse\/presseeinladung-zum-flughafenfest-am-24-september-2022\/#breadcrumb"},"inLanguage":"en-US","potentialAction":[{"@type":"ReadAction","target":["https:\/\/rostock-airport.de\/unternehmen-business\/presse\/presseeinladung-zum-flughafenfest-am-24-september-2022\/"]}]},{"@type":"BreadcrumbList","@id":"https:\/\/rostock-airport.de\/unternehmen-business\/presse\/presseeinladung-zum-flughafenfest-am-24-september-2022\/#breadcrumb","itemListElement":[{"@type":"ListItem","position":1,"name":"Startseite","item":"https:\/\/rostock-airport.de\/en\/"},{"@type":"ListItem","position":2,"name":"Presseeinladung zum Flughafenfest am 24. September 2022"}]},{"@type":"WebSite","@id":"https:\/\/rostock-airport.de\/#website","url":"https:\/\/rostock-airport.de\/","name":"Airport Rostock Laage","description":"","potentialAction":[{"@type":"SearchAction","target":{"@type":"EntryPoint","urlTemplate":"https:\/\/rostock-airport.de\/?s={search_term_string}"},"query-input":{"@type":"PropertyValueSpecification","valueRequired":true,"valueName":"search_term_string"}}],"inLanguage":"en-US"},{"@type":"Person","@id":"https:\/\/rostock-airport.de\/#\/schema\/person\/bbc0e3d2b777632c6cc9d2002e45e85a","name":"David Emrich"}]}},"publishpress_future_action":{"enabled":false,"date":"2026-05-08 05:19:45","action":"change-status","newStatus":"draft","terms":[],"taxonomy":"category","extraData":[]},"publishpress_future_workflow_manual_trigger":{"enabledWorkflows":[]},"_links":{"self":[{"href":"https:\/\/rostock-airport.de\/en\/wp-json\/wp\/v2\/posts\/2695","targetHints":{"allow":["GET"]}}],"collection":[{"href":"https:\/\/rostock-airport.de\/en\/wp-json\/wp\/v2\/posts"}],"about":[{"href":"https:\/\/rostock-airport.de\/en\/wp-json\/wp\/v2\/types\/post"}],"author":[{"embeddable":true,"href":"https:\/\/rostock-airport.de\/en\/wp-json\/wp\/v2\/users\/10"}],"replies":[{"embeddable":true,"href":"https:\/\/rostock-airport.de\/en\/wp-json\/wp\/v2\/comments?post=2695"}],"version-history":[{"count":3,"href":"https:\/\/rostock-airport.de\/en\/wp-json\/wp\/v2\/posts\/2695\/revisions"}],"predecessor-version":[{"id":2734,"href":"https:\/\/rostock-airport.de\/en\/wp-json\/wp\/v2\/posts\/2695\/revisions\/2734"}],"wp:attachment":[{"href":"https:\/\/rostock-airport.de\/en\/wp-json\/wp\/v2\/media?parent=2695"}],"wp:term":[{"taxonomy":"category","embeddable":true,"href":"https:\/\/rostock-airport.de\/en\/wp-json\/wp\/v2\/categories?post=2695"},{"taxonomy":"post_tag","embeddable":true,"href":"https:\/\/rostock-airport.de\/en\/wp-json\/wp\/v2\/tags?post=2695"}],"curies":[{"name":"wp","href":"https:\/\/api.w.org\/{rel}","templated":true}]}}